{"id":2274,"date":"2021-09-13T15:40:23","date_gmt":"2021-09-13T15:40:23","guid":{"rendered":"http:\/\/my.weltladen-heidelberg.de\/?p=2274"},"modified":"2022-06-14T10:36:50","modified_gmt":"2022-06-14T10:36:50","slug":"veranstaltungen-herbst-2021","status":"publish","type":"post","link":"https:\/\/www.weltladen-heidelberg.de\/?p=2274","title":{"rendered":"Veranstaltungen: Herbst 2021"},"content":{"rendered":"\n<h3 class=\"wp-block-heading\">Wie fair ist unser Kaffee?<\/h3>\n\n\n\n<h4 class=\"wp-block-heading\"> Mit Verkostung!<\/h4>\n\n\n\n<p><strong>Donnerstag| 18.10.2021 | 19 Uhr | Weltladen (Heugasse 2)<\/strong><\/p>\n\n\n\n<p>Die Deutschen sind Kaffeetrinker! Im Durchschnitt trinkt jede*r von uns 150 Liter Kaffee&nbsp; pro Jahr. Dabei haben viele entdeckt, dass fair gehandelter Kaffee oft nicht nur f\u00fcr die Produzenten*innen gut ist, sondern auch besser schmeckt.<\/p>\n\n\n\n<p>In dem Workshop wollen wir uns anschauen, was eigentlich genau fair gehandelter Kaffee ist. Wie unterscheiden sich die verschiedenen Anbieter? Welcher Anteil am h\u00f6heren Preis kommt bei den Produzenten*innen an? Und warum ist fairer Kaffee oft auch bio?<\/p>\n\n\n\n<p>Der Workshop richtet sich sowohl an Menschen, die bereits jetzt ehrenamtlich im Weltladen t\u00e4tig sind, als auch an solche, die es werden wollen. Auch wer einfach so mehr \u00fcber fairen Handel erfahren m\u00f6chte, ist herzlich willkommen!<\/p>\n\n\n\n<p>Au\u00dferdem k\u00f6nnen verschiedene Kaffeesorten probiert werden und Snacks, wie Schokolade mit Kaffee, verkostet werden.<\/p>\n\n\n\n<p>Referentinnen: Melanie Kempf und Dr. Pamela Kalning<\/p>\n\n\n\n<p><strong>Anmeldung erbeten unter:<\/strong> <a href=\"mailto:buecher@weltladen-heidelberg.de\">buecher@weltladen-heidelberg.de<\/a> <\/p>\n\n\n\n<p><\/p>\n\n\n\n<h3 class=\"wp-block-heading\"><strong>Future Fashion Stadtspaziergang<\/strong><\/h3>\n\n\n\n<p><strong>Donnerstag | 25.11.2021 |14:30 Uhr (bis ca. 16 Uhr) |Treffpunkt: Hauptstra\u00dfe\/St. Anna Gasse<\/strong> <\/p>\n\n\n\n<p>Kleider machen Leute &#8211; Leute machen Kleider. Auch beim Thema Mode sind Nachhaltigkeit und fairer Handel zentrale Aspekte. Von der Herstellung und Verarbeitung von Stoffen bis zur Produktion von Kleidungsst\u00fccken gibt es zahlreiche Menschen, die an der Entstehung unserer Kleidung beteiligt sind. Doch woran erkenne ich fair gehandelte Kleidung? Wer verdient wieviel an meiner Shoppingtour?<\/p>\n\n\n\n<p>Und wie wasserdicht muss bspw. meine Regenjacke wirklich sein und was hat das mit Nachhaltigkeit zu tun? Welchen Textilsiegeln kann ich wirklich trauen? Wohin mit ausgedienten Kleidungsst\u00fccken?<\/p>\n\n\n\n<p>Gemeinsam gehen wir in der Heidelberger Altstadt auf die Suche nach Orten, die uns zum Thema faire und nachhaltige Mode auf neue Wege bringen k\u00f6nnen.<\/p>\n\n\n\n<p>Referentin: Dr. Pamela Kalning<\/p>\n\n\n\n<p><strong>Anmeldung erbeten unter:<\/strong> <a href=\"mailto:buecher@weltladen-heidelberg.de\">buecher@weltladen-heidelberg.de<\/a><\/p>\n","protected":false},"excerpt":{"rendered":"<p>Wie fair ist unser Kaffee? Mit Verkostung! Donnerstag| 18.10.2021 | 19 Uhr | Weltladen (Heugasse 2) Die Deutschen sind Kaffeetrinker! Im Durchschnitt trinkt jede*r von uns 150 Liter Kaffee&nbsp; pro Jahr. Dabei haben viele entdeckt, dass fair gehandelter Kaffee oft &hellip;<\/p>\n<p class=\"read-more\"> <a class=\"more-link\" href=\"https:\/\/www.weltladen-heidelberg.de\/?p=2274\"> <span class=\"screen-reader-text\">Veranstaltungen: Herbst 2021<\/span> Read More &raquo;<\/a><\/p>\n","protected":false},"author":1,"featured_media":0,"comment_status":"closed","ping_status":"closed","sticky":false,"template":"","format":"standard","meta":{"footnotes":""},"categories":[1,3],"tags":[],"class_list":["post-2274","post","type-post","status-publish","format-standard","hentry","category-events","category-news"],"_links":{"self":[{"href":"https:\/\/www.weltladen-heidelberg.de\/index.php?rest_route=\/wp\/v2\/posts\/2274","targetHints":{"allow":["GET"]}}],"collection":[{"href":"https:\/\/www.weltladen-heidelberg.de\/index.php?rest_route=\/wp\/v2\/posts"}],"about":[{"href":"https:\/\/www.weltladen-heidelberg.de\/index.php?rest_route=\/wp\/v2\/types\/post"}],"author":[{"embeddable":true,"href":"https:\/\/www.weltladen-heidelberg.de\/index.php?rest_route=\/wp\/v2\/users\/1"}],"replies":[{"embeddable":true,"href":"https:\/\/www.weltladen-heidelberg.de\/index.php?rest_route=%2Fwp%2Fv2%2Fcomments&post=2274"}],"version-history":[{"count":2,"href":"https:\/\/www.weltladen-heidelberg.de\/index.php?rest_route=\/wp\/v2\/posts\/2274\/revisions"}],"predecessor-version":[{"id":2285,"href":"https:\/\/www.weltladen-heidelberg.de\/index.php?rest_route=\/wp\/v2\/posts\/2274\/revisions\/2285"}],"wp:attachment":[{"href":"https:\/\/www.weltladen-heidelberg.de\/index.php?rest_route=%2Fwp%2Fv2%2Fmedia&parent=2274"}],"wp:term":[{"taxonomy":"category","embeddable":true,"href":"https:\/\/www.weltladen-heidelberg.de\/index.php?rest_route=%2Fwp%2Fv2%2Fcategories&post=2274"},{"taxonomy":"post_tag","embeddable":true,"href":"https:\/\/www.weltladen-heidelberg.de\/index.php?rest_route=%2Fwp%2Fv2%2Ftags&post=2274"}],"curies":[{"name":"wp","href":"https:\/\/api.w.org\/{rel}","templated":true}]}}