{"id":2184,"date":"2020-12-18T14:07:49","date_gmt":"2020-12-18T14:07:49","guid":{"rendered":"http:\/\/my.weltladen-heidelberg.de\/?p=2184"},"modified":"2021-06-01T16:53:43","modified_gmt":"2021-06-01T16:53:43","slug":"neues-in-der-bildungsarbeit","status":"publish","type":"post","link":"https:\/\/www.weltladen-heidelberg.de\/?p=2184","title":{"rendered":"Neues aus der Bildungsarbeit"},"content":{"rendered":"\n<p>Schauen Sie in unserer Rubrik &#8222;<strong>Bildungsmaterialien<\/strong>&#8220; vorbei!<\/p>\n\n\n\n<p>Unsere neuen <strong>Bildungskoffer<\/strong> zum Thema &#8222;Nachhaltige Ern\u00e4hrung&#8220; und &#8222;Globales Lernen f\u00fcr KiTa und Grundschule&#8220; sind da! Au\u00dferdem gibt es unsere <strong>vertonte Traumreise<\/strong>.<\/p>\n\n\n\n<div class=\"wp-block-media-text alignwide is-stacked-on-mobile\" style=\"grid-template-columns:40% auto\"><figure class=\"wp-block-media-text__media\"><img loading=\"lazy\" decoding=\"async\" width=\"775\" height=\"1024\" src=\"http:\/\/my.weltladen-heidelberg.de\/wp-content\/uploads\/2020\/12\/Bild1-775x1024.png\" alt=\"\" class=\"wp-image-2200 size-full\" srcset=\"https:\/\/www.weltladen-heidelberg.de\/wp-content\/uploads\/2020\/12\/Bild1-775x1024.png 775w, https:\/\/www.weltladen-heidelberg.de\/wp-content\/uploads\/2020\/12\/Bild1-300x397.png 300w, https:\/\/www.weltladen-heidelberg.de\/wp-content\/uploads\/2020\/12\/Bild1-768x1015.png 768w, https:\/\/www.weltladen-heidelberg.de\/wp-content\/uploads\/2020\/12\/Bild1-100x132.png 100w, https:\/\/www.weltladen-heidelberg.de\/wp-content\/uploads\/2020\/12\/Bild1-150x198.png 150w, https:\/\/www.weltladen-heidelberg.de\/wp-content\/uploads\/2020\/12\/Bild1-200x264.png 200w, https:\/\/www.weltladen-heidelberg.de\/wp-content\/uploads\/2020\/12\/Bild1-450x595.png 450w, https:\/\/www.weltladen-heidelberg.de\/wp-content\/uploads\/2020\/12\/Bild1-600x793.png 600w, https:\/\/www.weltladen-heidelberg.de\/wp-content\/uploads\/2020\/12\/Bild1.png 851w\" sizes=\"auto, (max-width: 775px) 100vw, 775px\" \/><\/figure><div class=\"wp-block-media-text__content\">\n<p style=\"font-size:22px\"><strong>Mit vielen Spielen Sch\u00fclern und Sch\u00fclerinnen das Thema nachhaltige Ern\u00e4hrung n\u00e4her bringen.<\/strong><\/p>\n<\/div><\/div>\n\n\n\n<p><\/p>\n\n\n\n<div class=\"wp-block-media-text alignwide has-media-on-the-right is-stacked-on-mobile\" style=\"grid-template-columns:auto 57%\"><figure class=\"wp-block-media-text__media\"><img loading=\"lazy\" decoding=\"async\" width=\"960\" height=\"720\" src=\"http:\/\/my.weltladen-heidelberg.de\/wp-content\/uploads\/2021\/06\/Bildungstasche-Globales-Lernen.jpg\" alt=\"\" class=\"wp-image-2213 size-full\" srcset=\"https:\/\/www.weltladen-heidelberg.de\/wp-content\/uploads\/2021\/06\/Bildungstasche-Globales-Lernen.jpg 960w, https:\/\/www.weltladen-heidelberg.de\/wp-content\/uploads\/2021\/06\/Bildungstasche-Globales-Lernen-300x225.jpg 300w, https:\/\/www.weltladen-heidelberg.de\/wp-content\/uploads\/2021\/06\/Bildungstasche-Globales-Lernen-768x576.jpg 768w, https:\/\/www.weltladen-heidelberg.de\/wp-content\/uploads\/2021\/06\/Bildungstasche-Globales-Lernen-100x75.jpg 100w, https:\/\/www.weltladen-heidelberg.de\/wp-content\/uploads\/2021\/06\/Bildungstasche-Globales-Lernen-150x113.jpg 150w, https:\/\/www.weltladen-heidelberg.de\/wp-content\/uploads\/2021\/06\/Bildungstasche-Globales-Lernen-200x150.jpg 200w, https:\/\/www.weltladen-heidelberg.de\/wp-content\/uploads\/2021\/06\/Bildungstasche-Globales-Lernen-450x338.jpg 450w, https:\/\/www.weltladen-heidelberg.de\/wp-content\/uploads\/2021\/06\/Bildungstasche-Globales-Lernen-600x450.jpg 600w, https:\/\/www.weltladen-heidelberg.de\/wp-content\/uploads\/2021\/06\/Bildungstasche-Globales-Lernen-900x675.jpg 900w\" sizes=\"auto, (max-width: 960px) 100vw, 960px\" \/><\/figure><div class=\"wp-block-media-text__content\">\n<p style=\"font-size:22px\"><strong>Mit Geschichten, Gedichten und M\u00e4rchen Kindern Themen des Globalen Lernens n\u00e4her bringen.<\/strong><\/p>\n<\/div><\/div>\n\n\n\n<p><\/p>\n\n\n\n<div class=\"wp-block-media-text alignwide is-stacked-on-mobile\"><figure class=\"wp-block-media-text__media\"><img loading=\"lazy\" decoding=\"async\" width=\"1024\" height=\"791\" src=\"http:\/\/my.weltladen-heidelberg.de\/wp-content\/uploads\/2021\/06\/Play-Button-1024x791.png\" alt=\"\" class=\"wp-image-2220 size-full\" srcset=\"https:\/\/www.weltladen-heidelberg.de\/wp-content\/uploads\/2021\/06\/Play-Button-1024x791.png 1024w, https:\/\/www.weltladen-heidelberg.de\/wp-content\/uploads\/2021\/06\/Play-Button-300x232.png 300w, https:\/\/www.weltladen-heidelberg.de\/wp-content\/uploads\/2021\/06\/Play-Button-768x593.png 768w, https:\/\/www.weltladen-heidelberg.de\/wp-content\/uploads\/2021\/06\/Play-Button-100x77.png 100w, https:\/\/www.weltladen-heidelberg.de\/wp-content\/uploads\/2021\/06\/Play-Button-150x116.png 150w, https:\/\/www.weltladen-heidelberg.de\/wp-content\/uploads\/2021\/06\/Play-Button-200x154.png 200w, https:\/\/www.weltladen-heidelberg.de\/wp-content\/uploads\/2021\/06\/Play-Button-450x348.png 450w, https:\/\/www.weltladen-heidelberg.de\/wp-content\/uploads\/2021\/06\/Play-Button-600x463.png 600w, https:\/\/www.weltladen-heidelberg.de\/wp-content\/uploads\/2021\/06\/Play-Button-900x695.png 900w, https:\/\/www.weltladen-heidelberg.de\/wp-content\/uploads\/2021\/06\/Play-Button.png 1402w\" sizes=\"auto, (max-width: 1024px) 100vw, 1024px\" \/><\/figure><div class=\"wp-block-media-text__content\">\n<p style=\"font-size:22px\"><strong>Eine vertonte Traumreise f\u00fcr Kinder &#8222;Eine Phantasiereise in das Land es Kakaos&#8220;<\/strong>.<\/p>\n<\/div><\/div>\n","protected":false},"excerpt":{"rendered":"<p>Schauen Sie in unserer Rubrik &#8222;Bildungsmaterialien&#8220; vorbei! Unsere neuen Bildungskoffer zum Thema &#8222;Nachhaltige Ern\u00e4hrung&#8220; und &#8222;Globales Lernen f\u00fcr KiTa und Grundschule&#8220; sind da! Au\u00dferdem gibt es unsere vertonte Traumreise. Mit vielen Spielen Sch\u00fclern und Sch\u00fclerinnen das Thema nachhaltige Ern\u00e4hrung n\u00e4her &hellip;<\/p>\n<p class=\"read-more\"> <a class=\"more-link\" href=\"https:\/\/www.weltladen-heidelberg.de\/?p=2184\"> <span class=\"screen-reader-text\">Neues aus der Bildungsarbeit<\/span> Read More &raquo;<\/a><\/p>\n","protected":false},"author":1,"featured_media":0,"comment_status":"closed","ping_status":"closed","sticky":false,"template":"","format":"standard","meta":{"footnotes":""},"categories":[1],"tags":[],"class_list":["post-2184","post","type-post","status-publish","format-standard","hentry","category-events"],"_links":{"self":[{"href":"https:\/\/www.weltladen-heidelberg.de\/index.php?rest_route=\/wp\/v2\/posts\/2184","targetHints":{"allow":["GET"]}}],"collection":[{"href":"https:\/\/www.weltladen-heidelberg.de\/index.php?rest_route=\/wp\/v2\/posts"}],"about":[{"href":"https:\/\/www.weltladen-heidelberg.de\/index.php?rest_route=\/wp\/v2\/types\/post"}],"author":[{"embeddable":true,"href":"https:\/\/www.weltladen-heidelberg.de\/index.php?rest_route=\/wp\/v2\/users\/1"}],"replies":[{"embeddable":true,"href":"https:\/\/www.weltladen-heidelberg.de\/index.php?rest_route=%2Fwp%2Fv2%2Fcomments&post=2184"}],"version-history":[{"count":5,"href":"https:\/\/www.weltladen-heidelberg.de\/index.php?rest_route=\/wp\/v2\/posts\/2184\/revisions"}],"predecessor-version":[{"id":2221,"href":"https:\/\/www.weltladen-heidelberg.de\/index.php?rest_route=\/wp\/v2\/posts\/2184\/revisions\/2221"}],"wp:attachment":[{"href":"https:\/\/www.weltladen-heidelberg.de\/index.php?rest_route=%2Fwp%2Fv2%2Fmedia&parent=2184"}],"wp:term":[{"taxonomy":"category","embeddable":true,"href":"https:\/\/www.weltladen-heidelberg.de\/index.php?rest_route=%2Fwp%2Fv2%2Fcategories&post=2184"},{"taxonomy":"post_tag","embeddable":true,"href":"https:\/\/www.weltladen-heidelberg.de\/index.php?rest_route=%2Fwp%2Fv2%2Ftags&post=2184"}],"curies":[{"name":"wp","href":"https:\/\/api.w.org\/{rel}","templated":true}]}}